{"id":6250,"date":"2024-12-05T20:18:17+00:00","date_gmt":"2024-12-05T20:18:17+00:00","guid":{"rendered":"https:\/\/www.berninabahn.com\/?p=6250"},"modified":"2025-01-02T20:30:58+00:00","modified_gmt":"2025-01-02T20:30:58+00:00","slug":"alp-gruem-2-0-6","status":"publish","type":"post","link":"https:\/\/www.berninabahn.com\/?p=6250","title":{"rendered":"Alp Gr\u00fcm 2.0"},"content":{"rendered":"<p>Das Geb\u00e4ude von Alp Gr\u00fcm ist mit dem Moltofill-Leim-Gemisch bepinselt und mit beigem Primer grundiert. Die Dachblenden sind ebenfalls zur Ansicht provisorisch angeklebt. Sie wirken f\u00fcr meinen Geschmack noch etwas zu hell. Die Farbe des Originals ist ein sehr dunkles Braun.<\/p>\n\n\t\t<style type=\"text\/css\">\n\t\t\t#gallery-1 {\n\t\t\t\tmargin: auto;\n\t\t\t}\n\t\t\t#gallery-1 .gallery-item {\n\t\t\t\tfloat: left;\n\t\t\t\tmargin-top: 10px;\n\t\t\t\ttext-align: center;\n\t\t\t\twidth: 33%;\n\t\t\t}\n\t\t\t#gallery-1 img {\n\t\t\t\tborder: 2px solid #cfcfcf;\n\t\t\t}\n\t\t\t#gallery-1 .gallery-caption {\n\t\t\t\tmargin-left: 0;\n\t\t\t}\n\t\t\t\/* see gallery_shortcode() in wp-includes\/media.php *\/\n\t\t<\/style>\n\t\t<div id='gallery-1' class='gallery galleryid-6250 gallery-columns-3 gallery-size-thumbnail'><dl class='gallery-item'>\n\t\t\t<dt class='gallery-icon landscape'>\n\t\t\t\t<a href='https:\/\/www.berninabahn.com\/?attachment_id=6251'><img loading=\"lazy\" decoding=\"async\" width=\"250\" height=\"141\" src=\"https:\/\/www.berninabahn.com\/wp-content\/uploads\/2024\/12\/IMG_20241202_210605-250x141.jpg\" class=\"attachment-thumbnail size-thumbnail\" alt=\"\" aria-describedby=\"gallery-1-6251\" srcset=\"https:\/\/www.berninabahn.com\/wp-content\/uploads\/2024\/12\/IMG_20241202_210605-250x141.jpg 250w, https:\/\/www.berninabahn.com\/wp-content\/uploads\/2024\/12\/IMG_20241202_210605-850x478.jpg 850w\" sizes=\"auto, (max-width: 250px) 100vw, 250px\" \/><\/a>\n\t\t\t<\/dt>\n\t\t\t\t<dd class='wp-caption-text gallery-caption' id='gallery-1-6251'>\n\t\t\t\tNach der Bepinselung des Geb\u00e4udes mit dem Moltofill-Leim-Wassergemisch wird es noch im feuchten Zustand mit einem Schwamm abgetupft.\n\t\t\t\t<\/dd><\/dl><dl class='gallery-item'>\n\t\t\t<dt class='gallery-icon landscape'>\n\t\t\t\t<a href='https:\/\/www.berninabahn.com\/?attachment_id=6252'><img loading=\"lazy\" decoding=\"async\" width=\"250\" height=\"141\" src=\"https:\/\/www.berninabahn.com\/wp-content\/uploads\/2024\/12\/IMG_20241202_210619-250x141.jpg\" class=\"attachment-thumbnail size-thumbnail\" alt=\"\" aria-describedby=\"gallery-1-6252\" srcset=\"https:\/\/www.berninabahn.com\/wp-content\/uploads\/2024\/12\/IMG_20241202_210619-250x141.jpg 250w, https:\/\/www.berninabahn.com\/wp-content\/uploads\/2024\/12\/IMG_20241202_210619-850x478.jpg 850w\" sizes=\"auto, (max-width: 250px) 100vw, 250px\" \/><\/a>\n\t\t\t<\/dt>\n\t\t\t\t<dd class='wp-caption-text gallery-caption' id='gallery-1-6252'>\n\t\t\t\tDies verleiht der Struktur eine nat\u00fcrliche Plastizit\u00e4t der Natursteine.\n\t\t\t\t<\/dd><\/dl><dl class='gallery-item'>\n\t\t\t<dt class='gallery-icon landscape'>\n\t\t\t\t<a href='https:\/\/www.berninabahn.com\/?attachment_id=6258'><img loading=\"lazy\" decoding=\"async\" width=\"250\" height=\"141\" src=\"https:\/\/www.berninabahn.com\/wp-content\/uploads\/2024\/12\/IMG_20241201_112905-250x141.jpg\" class=\"attachment-thumbnail size-thumbnail\" alt=\"\" aria-describedby=\"gallery-1-6258\" \/><\/a>\n\t\t\t<\/dt>\n\t\t\t\t<dd class='wp-caption-text gallery-caption' id='gallery-1-6258'>\n\t\t\t\tDie Terrassen werden in den Ecken durch steinerne Ausbuchtungen abgest\u00fctzt.\n\t\t\t\t<\/dd><\/dl><br style=\"clear: both\" \/><dl class='gallery-item'>\n\t\t\t<dt class='gallery-icon landscape'>\n\t\t\t\t<a href='https:\/\/www.berninabahn.com\/?attachment_id=6253'><img loading=\"lazy\" decoding=\"async\" width=\"250\" height=\"141\" src=\"https:\/\/www.berninabahn.com\/wp-content\/uploads\/2024\/12\/IMG_20241202_210649-250x141.jpg\" class=\"attachment-thumbnail size-thumbnail\" alt=\"\" aria-describedby=\"gallery-1-6253\" srcset=\"https:\/\/www.berninabahn.com\/wp-content\/uploads\/2024\/12\/IMG_20241202_210649-250x141.jpg 250w, https:\/\/www.berninabahn.com\/wp-content\/uploads\/2024\/12\/IMG_20241202_210649-710x400.jpg 710w\" sizes=\"auto, (max-width: 250px) 100vw, 250px\" \/><\/a>\n\t\t\t<\/dt>\n\t\t\t\t<dd class='wp-caption-text gallery-caption' id='gallery-1-6253'>\n\t\t\t\tAlp Gr\u00fcm ist mit Beige grundiert.\n\t\t\t\t<\/dd><\/dl><dl class='gallery-item'>\n\t\t\t<dt class='gallery-icon landscape'>\n\t\t\t\t<a href='https:\/\/www.berninabahn.com\/?attachment_id=6257'><img loading=\"lazy\" decoding=\"async\" width=\"250\" height=\"141\" src=\"https:\/\/www.berninabahn.com\/wp-content\/uploads\/2024\/12\/IMG_20241205_204638-250x141.jpg\" class=\"attachment-thumbnail size-thumbnail\" alt=\"\" aria-describedby=\"gallery-1-6257\" \/><\/a>\n\t\t\t<\/dt>\n\t\t\t\t<dd class='wp-caption-text gallery-caption' id='gallery-1-6257'>\n\t\t\t\tDie Dachabschlussblenden werden zur Probe angeklebt.\n\t\t\t\t<\/dd><\/dl><dl class='gallery-item'>\n\t\t\t<dt class='gallery-icon landscape'>\n\t\t\t\t<a href='https:\/\/www.berninabahn.com\/?attachment_id=6256'><img loading=\"lazy\" decoding=\"async\" width=\"250\" height=\"141\" src=\"https:\/\/www.berninabahn.com\/wp-content\/uploads\/2024\/12\/IMG_20241205_204631-250x141.jpg\" class=\"attachment-thumbnail size-thumbnail\" alt=\"\" srcset=\"https:\/\/www.berninabahn.com\/wp-content\/uploads\/2024\/12\/IMG_20241205_204631-250x141.jpg 250w, https:\/\/www.berninabahn.com\/wp-content\/uploads\/2024\/12\/IMG_20241205_204631-850x478.jpg 850w\" sizes=\"auto, (max-width: 250px) 100vw, 250px\" \/><\/a>\n\t\t\t<\/dt><\/dl><br style=\"clear: both\" \/><dl class='gallery-item'>\n\t\t\t<dt class='gallery-icon landscape'>\n\t\t\t\t<a href='https:\/\/www.berninabahn.com\/?attachment_id=6255'><img loading=\"lazy\" decoding=\"async\" width=\"250\" height=\"141\" src=\"https:\/\/www.berninabahn.com\/wp-content\/uploads\/2024\/12\/IMG_20241205_204600-250x141.jpg\" class=\"attachment-thumbnail size-thumbnail\" alt=\"\" srcset=\"https:\/\/www.berninabahn.com\/wp-content\/uploads\/2024\/12\/IMG_20241205_204600-250x141.jpg 250w, https:\/\/www.berninabahn.com\/wp-content\/uploads\/2024\/12\/IMG_20241205_204600-850x478.jpg 850w\" sizes=\"auto, (max-width: 250px) 100vw, 250px\" \/><\/a>\n\t\t\t<\/dt><\/dl><dl class='gallery-item'>\n\t\t\t<dt class='gallery-icon landscape'>\n\t\t\t\t<a href='https:\/\/www.berninabahn.com\/?attachment_id=6254'><img loading=\"lazy\" decoding=\"async\" width=\"250\" height=\"141\" src=\"https:\/\/www.berninabahn.com\/wp-content\/uploads\/2024\/12\/IMG_20241205_200206-250x141.jpg\" class=\"attachment-thumbnail size-thumbnail\" alt=\"\" aria-describedby=\"gallery-1-6254\" srcset=\"https:\/\/www.berninabahn.com\/wp-content\/uploads\/2024\/12\/IMG_20241205_200206-250x141.jpg 250w, https:\/\/www.berninabahn.com\/wp-content\/uploads\/2024\/12\/IMG_20241205_200206-850x478.jpg 850w\" sizes=\"auto, (max-width: 250px) 100vw, 250px\" \/><\/a>\n\t\t\t<\/dt>\n\t\t\t\t<dd class='wp-caption-text gallery-caption' id='gallery-1-6254'>\n\t\t\t\tDie Fensterl\u00e4den habe ich aus 1 mm starkem MDF gelasert. F\u00fcr die Beschriftung habe ich zwei M\u00f6glichkeiten: Einerseits ein Satz aus 1 mm-MDF und andererseits aus Fotokarton. Mal schauen, was dann besser passt.\n\t\t\t\t<\/dd><\/dl>\n\t\t\t<br style='clear: both' \/>\n\t\t<\/div>\n\n","protected":false},"excerpt":{"rendered":"<p>Das Geb\u00e4ude von Alp Gr\u00fcm ist mit dem Moltofill-Leim-Gemisch bepinselt und mit beigem Primer grundiert. Die Dachblenden sind ebenfalls zur Ansicht provisorisch angeklebt. Sie wirken f\u00fcr meinen Geschmack noch etwas zu hell. Die Farbe des Originals ist ein sehr dunkles Braun.<\/p>\n","protected":false},"author":1,"featured_media":0,"comment_status":"open","ping_status":"open","sticky":false,"template":"","format":"standard","meta":{"venue_id":0,"footnotes":""},"categories":[471],"tags":[481,38,480],"class_list":["post-6250","post","type-post","status-publish","format-standard","hentry","category-alp-gruem-2-0-obere-ebene","tag-eckstuetze","tag-grundierung","tag-steinstruktur","item-wrap"],"_links":{"self":[{"href":"https:\/\/www.berninabahn.com\/index.php?rest_route=\/wp\/v2\/posts\/6250","targetHints":{"allow":["GET"]}}],"collection":[{"href":"https:\/\/www.berninabahn.com\/index.php?rest_route=\/wp\/v2\/posts"}],"about":[{"href":"https:\/\/www.berninabahn.com\/index.php?rest_route=\/wp\/v2\/types\/post"}],"author":[{"embeddable":true,"href":"https:\/\/www.berninabahn.com\/index.php?rest_route=\/wp\/v2\/users\/1"}],"replies":[{"embeddable":true,"href":"https:\/\/www.berninabahn.com\/index.php?rest_route=%2Fwp%2Fv2%2Fcomments&post=6250"}],"version-history":[{"count":1,"href":"https:\/\/www.berninabahn.com\/index.php?rest_route=\/wp\/v2\/posts\/6250\/revisions"}],"predecessor-version":[{"id":6259,"href":"https:\/\/www.berninabahn.com\/index.php?rest_route=\/wp\/v2\/posts\/6250\/revisions\/6259"}],"wp:attachment":[{"href":"https:\/\/www.berninabahn.com\/index.php?rest_route=%2Fwp%2Fv2%2Fmedia&parent=6250"}],"wp:term":[{"taxonomy":"category","embeddable":true,"href":"https:\/\/www.berninabahn.com\/index.php?rest_route=%2Fwp%2Fv2%2Fcategories&post=6250"},{"taxonomy":"post_tag","embeddable":true,"href":"https:\/\/www.berninabahn.com\/index.php?rest_route=%2Fwp%2Fv2%2Ftags&post=6250"}],"curies":[{"name":"wp","href":"https:\/\/api.w.org\/{rel}","templated":true}]}}