{"id":4355,"date":"2020-04-19T21:07:47+01:00","date_gmt":"2020-04-19T20:07:47+00:00","guid":{"rendered":"https:\/\/www.berninabahn.com\/?p=4355"},"modified":"2020-04-19T21:07:47+01:00","modified_gmt":"2020-04-19T20:07:47+00:00","slug":"schattenbahnhof-19","status":"publish","type":"post","link":"https:\/\/www.berninabahn.com\/?p=4355","title":{"rendered":"Schattenbahnhof"},"content":{"rendered":"<p>Mit dem Umbauprojekt kam ich in den letzten Tagen gut voran.<\/p>\n<p>Die linke Einfahrt in den Schattenbahnhof konnte ich bereits fertig stellen und an die Zentrale Ecos anmelden. Funktioniert alles tiptop \ud83d\udc4d<\/p>\n\n\t\t<style type=\"text\/css\">\n\t\t\t#gallery-1 {\n\t\t\t\tmargin: auto;\n\t\t\t}\n\t\t\t#gallery-1 .gallery-item {\n\t\t\t\tfloat: left;\n\t\t\t\tmargin-top: 10px;\n\t\t\t\ttext-align: center;\n\t\t\t\twidth: 33%;\n\t\t\t}\n\t\t\t#gallery-1 img {\n\t\t\t\tborder: 2px solid #cfcfcf;\n\t\t\t}\n\t\t\t#gallery-1 .gallery-caption {\n\t\t\t\tmargin-left: 0;\n\t\t\t}\n\t\t\t\/* see gallery_shortcode() in wp-includes\/media.php *\/\n\t\t<\/style>\n\t\t<div id='gallery-1' class='gallery galleryid-4355 gallery-columns-3 gallery-size-thumbnail'><dl class='gallery-item'>\n\t\t\t<dt class='gallery-icon landscape'>\n\t\t\t\t<a href='https:\/\/www.berninabahn.com\/?attachment_id=4343'><img loading=\"lazy\" decoding=\"async\" width=\"250\" height=\"141\" src=\"https:\/\/www.berninabahn.com\/wp-content\/uploads\/2020\/04\/Umbau_Schattenbahnhof_1-250x141.jpg\" class=\"attachment-thumbnail size-thumbnail\" alt=\"\" aria-describedby=\"gallery-1-4343\" srcset=\"https:\/\/www.berninabahn.com\/wp-content\/uploads\/2020\/04\/Umbau_Schattenbahnhof_1-250x141.jpg 250w, https:\/\/www.berninabahn.com\/wp-content\/uploads\/2020\/04\/Umbau_Schattenbahnhof_1-850x478.jpg 850w, https:\/\/www.berninabahn.com\/wp-content\/uploads\/2020\/04\/Umbau_Schattenbahnhof_1-1200x675.jpg 1200w\" sizes=\"auto, (max-width: 250px) 100vw, 250px\" \/><\/a>\n\t\t\t<\/dt>\n\t\t\t\t<dd class='wp-caption-text gallery-caption' id='gallery-1-4343'>\n\t\t\t\tAusfahrt links oben in Richtung Ospizio, links nach Gleiswendel1 (Poschiavo)\n\t\t\t\t<\/dd><\/dl><dl class='gallery-item'>\n\t\t\t<dt class='gallery-icon landscape'>\n\t\t\t\t<a href='https:\/\/www.berninabahn.com\/?attachment_id=4356'><img loading=\"lazy\" decoding=\"async\" width=\"250\" height=\"141\" src=\"https:\/\/www.berninabahn.com\/wp-content\/uploads\/2020\/04\/IMG_20200416_181248-250x141.jpg\" class=\"attachment-thumbnail size-thumbnail\" alt=\"\" aria-describedby=\"gallery-1-4356\" \/><\/a>\n\t\t\t<\/dt>\n\t\t\t\t<dd class='wp-caption-text gallery-caption' id='gallery-1-4356'>\n\t\t\t\tjetzt umgesetzt \ud83d\ude0e\n\t\t\t\t<\/dd><\/dl>\n\t\t\t<br style='clear: both' \/>\n\t\t<\/div>\n\n<p>Die rechte Einfahrt ist im Umbau etwas aufw\u00e4ndiger. Der Gleisbau wurde heute abgeschlossen. Nun m\u00fcssen die Weichenmotoren und Geleise angeschlossen werden. Anschliessend werden die einzelnen Bl\u00f6cke an den neuen R\u00fcckmelder (Detector von Esu) zugeordnet.<\/p>\n\n\t\t<style type=\"text\/css\">\n\t\t\t#gallery-2 {\n\t\t\t\tmargin: auto;\n\t\t\t}\n\t\t\t#gallery-2 .gallery-item {\n\t\t\t\tfloat: left;\n\t\t\t\tmargin-top: 10px;\n\t\t\t\ttext-align: center;\n\t\t\t\twidth: 33%;\n\t\t\t}\n\t\t\t#gallery-2 img {\n\t\t\t\tborder: 2px solid #cfcfcf;\n\t\t\t}\n\t\t\t#gallery-2 .gallery-caption {\n\t\t\t\tmargin-left: 0;\n\t\t\t}\n\t\t\t\/* see gallery_shortcode() in wp-includes\/media.php *\/\n\t\t<\/style>\n\t\t<div id='gallery-2' class='gallery galleryid-4355 gallery-columns-3 gallery-size-thumbnail'><dl class='gallery-item'>\n\t\t\t<dt class='gallery-icon landscape'>\n\t\t\t\t<a href='https:\/\/www.berninabahn.com\/?attachment_id=4357'><img loading=\"lazy\" decoding=\"async\" width=\"250\" height=\"141\" src=\"https:\/\/www.berninabahn.com\/wp-content\/uploads\/2020\/04\/IMG_20200417_211941-250x141.jpg\" class=\"attachment-thumbnail size-thumbnail\" alt=\"\" aria-describedby=\"gallery-2-4357\" \/><\/a>\n\t\t\t<\/dt>\n\t\t\t\t<dd class='wp-caption-text gallery-caption' id='gallery-2-4357'>\n\t\t\t\tDie nicht mehr ben\u00f6tigten L\u00f6cher f\u00fcr die Weichenmotoren wurden mit schwarzem Papier abgedeckt\n\t\t\t\t<\/dd><\/dl><dl class='gallery-item'>\n\t\t\t<dt class='gallery-icon landscape'>\n\t\t\t\t<a href='https:\/\/www.berninabahn.com\/?attachment_id=4358'><img loading=\"lazy\" decoding=\"async\" width=\"250\" height=\"141\" src=\"https:\/\/www.berninabahn.com\/wp-content\/uploads\/2020\/04\/IMG_20200418_211422-250x141.jpg\" class=\"attachment-thumbnail size-thumbnail\" alt=\"\" aria-describedby=\"gallery-2-4358\" \/><\/a>\n\t\t\t<\/dt>\n\t\t\t\t<dd class='wp-caption-text gallery-caption' id='gallery-2-4358'>\n\t\t\t\trechte Ausfahrt aus dem Schattenbahnhof\n\t\t\t\t<\/dd><\/dl><dl class='gallery-item'>\n\t\t\t<dt class='gallery-icon landscape'>\n\t\t\t\t<a href='https:\/\/www.berninabahn.com\/?attachment_id=4359'><img loading=\"lazy\" decoding=\"async\" width=\"250\" height=\"141\" src=\"https:\/\/www.berninabahn.com\/wp-content\/uploads\/2020\/04\/IMG_20200419_213011-250x141.jpg\" class=\"attachment-thumbnail size-thumbnail\" alt=\"\" aria-describedby=\"gallery-2-4359\" \/><\/a>\n\t\t\t<\/dt>\n\t\t\t\t<dd class='wp-caption-text gallery-caption' id='gallery-2-4359'>\n\t\t\t\tDie Segmente der mittleren Ebene sind zum erstenmal demontiert\n\t\t\t\t<\/dd><\/dl><br style=\"clear: both\" \/><dl class='gallery-item'>\n\t\t\t<dt class='gallery-icon portrait'>\n\t\t\t\t<a href='https:\/\/www.berninabahn.com\/?attachment_id=4360'><img loading=\"lazy\" decoding=\"async\" width=\"250\" height=\"141\" src=\"https:\/\/www.berninabahn.com\/wp-content\/uploads\/2020\/04\/IMG_20200419_213019-250x141.jpg\" class=\"attachment-thumbnail size-thumbnail\" alt=\"\" aria-describedby=\"gallery-2-4360\" \/><\/a>\n\t\t\t<\/dt>\n\t\t\t\t<dd class='wp-caption-text gallery-caption' id='gallery-2-4360'>\n\t\t\t\tDie ersten drei Weichenmotoren sind eingebaut.\n\t\t\t\t<\/dd><\/dl>\n\t\t\t<br style='clear: both' \/>\n\t\t<\/div>\n\n<p>Und dann.. juhu.. kann die Programmierung der &#8222;neuen&#8220; Anlage auf dem Traincontroller angegangen werden.<\/p>\n<p>&nbsp;<\/p>\n","protected":false},"excerpt":{"rendered":"<p>Mit dem Umbauprojekt kam ich in den letzten Tagen gut voran. Die linke Einfahrt in den Schattenbahnhof konnte ich bereits fertig stellen und an die Zentrale Ecos anmelden. Funktioniert alles tiptop \ud83d\udc4d Die rechte Einfahrt ist im Umbau etwas aufw\u00e4ndiger. Der Gleisbau wurde heute abgeschlossen. Nun m\u00fcssen die Weichenmotoren und Geleise angeschlossen werden. Anschliessend werden &hellip; <\/p>\n<p><a class=\"more-link btn\" href=\"https:\/\/www.berninabahn.com\/?p=4355\">Weiterlesen<\/a><\/p>\n","protected":false},"author":1,"featured_media":0,"comment_status":"open","ping_status":"open","sticky":false,"template":"","format":"standard","meta":{"venue_id":0,"footnotes":""},"categories":[164],"tags":[],"class_list":["post-4355","post","type-post","status-publish","format-standard","hentry","category-schattenbahnhof","item-wrap"],"_links":{"self":[{"href":"https:\/\/www.berninabahn.com\/index.php?rest_route=\/wp\/v2\/posts\/4355","targetHints":{"allow":["GET"]}}],"collection":[{"href":"https:\/\/www.berninabahn.com\/index.php?rest_route=\/wp\/v2\/posts"}],"about":[{"href":"https:\/\/www.berninabahn.com\/index.php?rest_route=\/wp\/v2\/types\/post"}],"author":[{"embeddable":true,"href":"https:\/\/www.berninabahn.com\/index.php?rest_route=\/wp\/v2\/users\/1"}],"replies":[{"embeddable":true,"href":"https:\/\/www.berninabahn.com\/index.php?rest_route=%2Fwp%2Fv2%2Fcomments&post=4355"}],"version-history":[{"count":1,"href":"https:\/\/www.berninabahn.com\/index.php?rest_route=\/wp\/v2\/posts\/4355\/revisions"}],"predecessor-version":[{"id":4361,"href":"https:\/\/www.berninabahn.com\/index.php?rest_route=\/wp\/v2\/posts\/4355\/revisions\/4361"}],"wp:attachment":[{"href":"https:\/\/www.berninabahn.com\/index.php?rest_route=%2Fwp%2Fv2%2Fmedia&parent=4355"}],"wp:term":[{"taxonomy":"category","embeddable":true,"href":"https:\/\/www.berninabahn.com\/index.php?rest_route=%2Fwp%2Fv2%2Fcategories&post=4355"},{"taxonomy":"post_tag","embeddable":true,"href":"https:\/\/www.berninabahn.com\/index.php?rest_route=%2Fwp%2Fv2%2Ftags&post=4355"}],"curies":[{"name":"wp","href":"https:\/\/api.w.org\/{rel}","templated":true}]}}