{"id":4338,"date":"2020-04-11T19:36:53+01:00","date_gmt":"2020-04-11T18:36:53+00:00","guid":{"rendered":"https:\/\/www.berninabahn.com\/?p=4338"},"modified":"2020-04-11T19:36:53+01:00","modified_gmt":"2020-04-11T18:36:53+00:00","slug":"schattenbahnhof-17","status":"publish","type":"post","link":"https:\/\/www.berninabahn.com\/?p=4338","title":{"rendered":"Schattenbahnhof"},"content":{"rendered":"<p>In letzter Zeit habe ich viel Bahnbetrieb auf meiner Anlage gemacht, die Programmierung derselben total neu gestaltet. Da ist mir immer mehr st\u00f6rend aufgefallen, dass durch die Trennung der beiden Schattenbahh\u00f6fe der Betrieb in seinem Fluss empfindlich gest\u00f6rt wird.<\/p>\n<p>Eigentlich sollte es ja so sein: Ein Zug, der im Schattenbahnhof in Richtung Ospizio &#8211; Alp Gr\u00fcm &#8211; Poschiavo startet, sollte auf seiner Reise ja nicht durch einen zweiten Schattenbahnhof zwischen Alp Gr\u00fcm und Poschivo ausgebremst werden und unter Umst\u00e4nden minutenlang warten m\u00fcssen, bis er dann die Reise auf der S\u00fcdrampe nach Poschiavo antreten kann.<\/p>\n<p>So habe ich die Idee gehabt, die beiden Schattenbahnh\u00f6fe, die ja direkt nebeneinander liegen, zu verbinden.<\/p>\n<p>Baulich w\u00e4re es ein relativ kleiner Eingriff. Einziger Negativpunkt ist, dass ich dabei ein Gleis \u00e0 zwei Z\u00fcgen verliere, da das Gleis 1 zu einem Durchfahrtsgleis &#8222;degradiert&#8220; w\u00fcrde. In Richtung Alp Gr\u00fcm entst\u00fcnde dann nochmals eine Ausweichstelle, damit der Zugsverkehr fl\u00fcssig bleibt.,<\/p>\n<p><a href=\"https:\/\/www.berninabahn.com\/?attachment_id=4339\" rel=\"attachment wp-att-4339\"><img loading=\"lazy\" decoding=\"async\" class=\"alignnone wp-image-4339 size-full\" src=\"https:\/\/www.berninabahn.com\/wp-content\/uploads\/2020\/04\/Schattenbahnhof_aktuell.jpg\" alt=\"\" width=\"2461\" height=\"1144\" srcset=\"https:\/\/www.berninabahn.com\/wp-content\/uploads\/2020\/04\/Schattenbahnhof_aktuell.jpg 2461w, https:\/\/www.berninabahn.com\/wp-content\/uploads\/2020\/04\/Schattenbahnhof_aktuell-768x357.jpg 768w, https:\/\/www.berninabahn.com\/wp-content\/uploads\/2020\/04\/Schattenbahnhof_aktuell-1536x714.jpg 1536w, https:\/\/www.berninabahn.com\/wp-content\/uploads\/2020\/04\/Schattenbahnhof_aktuell-2048x952.jpg 2048w\" sizes=\"auto, (max-width: 2461px) 100vw, 2461px\" \/><\/a><\/p>\n<p><a href=\"https:\/\/www.berninabahn.com\/?attachment_id=4340\" rel=\"attachment wp-att-4340\">Meine Idee:<img loading=\"lazy\" decoding=\"async\" class=\"alignnone wp-image-4340 size-full\" src=\"https:\/\/www.berninabahn.com\/wp-content\/uploads\/2020\/04\/Schattenbahnhof_neu.jpg\" alt=\"\" width=\"2459\" height=\"1153\" srcset=\"https:\/\/www.berninabahn.com\/wp-content\/uploads\/2020\/04\/Schattenbahnhof_neu.jpg 2459w, https:\/\/www.berninabahn.com\/wp-content\/uploads\/2020\/04\/Schattenbahnhof_neu-768x360.jpg 768w, https:\/\/www.berninabahn.com\/wp-content\/uploads\/2020\/04\/Schattenbahnhof_neu-1536x720.jpg 1536w, https:\/\/www.berninabahn.com\/wp-content\/uploads\/2020\/04\/Schattenbahnhof_neu-2048x960.jpg 2048w\" sizes=\"auto, (max-width: 2459px) 100vw, 2459px\" \/><\/a><\/p>\n","protected":false},"excerpt":{"rendered":"<p>In letzter Zeit habe ich viel Bahnbetrieb auf meiner Anlage gemacht, die Programmierung derselben total neu gestaltet. Da ist mir immer mehr st\u00f6rend aufgefallen, dass durch die Trennung der beiden Schattenbahh\u00f6fe der Betrieb in seinem Fluss empfindlich gest\u00f6rt wird. Eigentlich sollte es ja so sein: Ein Zug, der im Schattenbahnhof in Richtung Ospizio &#8211; Alp &hellip; <\/p>\n<p><a class=\"more-link btn\" href=\"https:\/\/www.berninabahn.com\/?p=4338\">Weiterlesen<\/a><\/p>\n","protected":false},"author":1,"featured_media":0,"comment_status":"open","ping_status":"open","sticky":false,"template":"","format":"standard","meta":{"venue_id":0,"footnotes":""},"categories":[213,164],"tags":[],"class_list":["post-4338","post","type-post","status-publish","format-standard","hentry","category-bahnbetrieb","category-schattenbahnhof","item-wrap"],"_links":{"self":[{"href":"https:\/\/www.berninabahn.com\/index.php?rest_route=\/wp\/v2\/posts\/4338","targetHints":{"allow":["GET"]}}],"collection":[{"href":"https:\/\/www.berninabahn.com\/index.php?rest_route=\/wp\/v2\/posts"}],"about":[{"href":"https:\/\/www.berninabahn.com\/index.php?rest_route=\/wp\/v2\/types\/post"}],"author":[{"embeddable":true,"href":"https:\/\/www.berninabahn.com\/index.php?rest_route=\/wp\/v2\/users\/1"}],"replies":[{"embeddable":true,"href":"https:\/\/www.berninabahn.com\/index.php?rest_route=%2Fwp%2Fv2%2Fcomments&post=4338"}],"version-history":[{"count":1,"href":"https:\/\/www.berninabahn.com\/index.php?rest_route=\/wp\/v2\/posts\/4338\/revisions"}],"predecessor-version":[{"id":4341,"href":"https:\/\/www.berninabahn.com\/index.php?rest_route=\/wp\/v2\/posts\/4338\/revisions\/4341"}],"wp:attachment":[{"href":"https:\/\/www.berninabahn.com\/index.php?rest_route=%2Fwp%2Fv2%2Fmedia&parent=4338"}],"wp:term":[{"taxonomy":"category","embeddable":true,"href":"https:\/\/www.berninabahn.com\/index.php?rest_route=%2Fwp%2Fv2%2Fcategories&post=4338"},{"taxonomy":"post_tag","embeddable":true,"href":"https:\/\/www.berninabahn.com\/index.php?rest_route=%2Fwp%2Fv2%2Ftags&post=4338"}],"curies":[{"name":"wp","href":"https:\/\/api.w.org\/{rel}","templated":true}]}}