{"id":1500,"date":"2013-07-20T13:59:28+01:00","date_gmt":"2013-07-20T13:59:28+00:00","guid":{"rendered":"http:\/\/www.berninabahn.com\/?p=1500"},"modified":"2013-07-23T06:06:30+01:00","modified_gmt":"2013-07-23T06:06:30+00:00","slug":"segment-0-arlas-2","status":"publish","type":"post","link":"https:\/\/www.berninabahn.com\/?p=1500","title":{"rendered":"Segment 0: Arlas"},"content":{"rendered":"<p>Trotz der sch\u00f6nen und heissen Sommertage hat es mich mal wieder in den Keller gezogen.<\/p>\n<p>Nun wurden die beiden \u00dcberg\u00e4nge zum Gleiswendel 1 bzw. dem Segment 1 &#8222;Val Bugliet&#8220; schienenm\u00e4ssig geschlossen.<\/p>\n\n\t\t<style type=\"text\/css\">\n\t\t\t#gallery-1 {\n\t\t\t\tmargin: auto;\n\t\t\t}\n\t\t\t#gallery-1 .gallery-item {\n\t\t\t\tfloat: left;\n\t\t\t\tmargin-top: 10px;\n\t\t\t\ttext-align: center;\n\t\t\t\twidth: 33%;\n\t\t\t}\n\t\t\t#gallery-1 img {\n\t\t\t\tborder: 2px solid #cfcfcf;\n\t\t\t}\n\t\t\t#gallery-1 .gallery-caption {\n\t\t\t\tmargin-left: 0;\n\t\t\t}\n\t\t\t\/* see gallery_shortcode() in wp-includes\/media.php *\/\n\t\t<\/style>\n\t\t<div id='gallery-1' class='gallery galleryid-1500 gallery-columns-3 gallery-size-thumbnail'><dl class='gallery-item'>\n\t\t\t<dt class='gallery-icon portrait'>\n\t\t\t\t<a href='https:\/\/www.berninabahn.com\/?attachment_id=1502'><img loading=\"lazy\" decoding=\"async\" width=\"141\" height=\"141\" src=\"https:\/\/www.berninabahn.com\/wp-content\/uploads\/2013\/07\/20130720_152300-150x150.jpg\" class=\"attachment-thumbnail size-thumbnail\" alt=\"\" aria-describedby=\"gallery-1-1502\" \/><\/a>\n\t\t\t<\/dt>\n\t\t\t\t<dd class='wp-caption-text gallery-caption' id='gallery-1-1502'>\n\t\t\t\t\u00dcbergang Segment 0 in den Gleiswendel 1\n\t\t\t\t<\/dd><\/dl><dl class='gallery-item'>\n\t\t\t<dt class='gallery-icon landscape'>\n\t\t\t\t<a href='https:\/\/www.berninabahn.com\/?attachment_id=1501'><img loading=\"lazy\" decoding=\"async\" width=\"141\" height=\"141\" src=\"https:\/\/www.berninabahn.com\/wp-content\/uploads\/2013\/07\/20130720_152243-150x150.jpg\" class=\"attachment-thumbnail size-thumbnail\" alt=\"\" aria-describedby=\"gallery-1-1501\" \/><\/a>\n\t\t\t<\/dt>\n\t\t\t\t<dd class='wp-caption-text gallery-caption' id='gallery-1-1501'>\n\t\t\t\t\u00dcbergang Segment 1 auf 0\n\t\t\t\t<\/dd><\/dl><dl class='gallery-item'>\n\t\t\t<dt class='gallery-icon portrait'>\n\t\t\t\t<a href='https:\/\/www.berninabahn.com\/?attachment_id=1503'><img loading=\"lazy\" decoding=\"async\" width=\"141\" height=\"141\" src=\"https:\/\/www.berninabahn.com\/wp-content\/uploads\/2013\/07\/20130720_152309-150x150.jpg\" class=\"attachment-thumbnail size-thumbnail\" alt=\"\" aria-describedby=\"gallery-1-1503\" \/><\/a>\n\t\t\t<\/dt>\n\t\t\t\t<dd class='wp-caption-text gallery-caption' id='gallery-1-1503'>\n\t\t\t\tBlick Richtung Segment 1\n\t\t\t\t<\/dd><\/dl><br style=\"clear: both\" \/><dl class='gallery-item'>\n\t\t\t<dt class='gallery-icon landscape'>\n\t\t\t\t<a href='https:\/\/www.berninabahn.com\/?attachment_id=1504'><img loading=\"lazy\" decoding=\"async\" width=\"141\" height=\"141\" src=\"https:\/\/www.berninabahn.com\/wp-content\/uploads\/2013\/07\/20130720_152316-150x150.jpg\" class=\"attachment-thumbnail size-thumbnail\" alt=\"\" aria-describedby=\"gallery-1-1504\" \/><\/a>\n\t\t\t<\/dt>\n\t\t\t\t<dd class='wp-caption-text gallery-caption' id='gallery-1-1504'>\n\t\t\t\tGesamt\u00fcbersicht\n\t\t\t\t<\/dd><\/dl>\n\t\t\t<br style='clear: both' \/>\n\t\t<\/div>\n\n","protected":false},"excerpt":{"rendered":"<p>Trotz der sch\u00f6nen und heissen Sommertage hat es mich mal wieder in den Keller gezogen. Nun wurden die beiden \u00dcberg\u00e4nge zum Gleiswendel 1 bzw. dem Segment 1 &#8222;Val Bugliet&#8220; schienenm\u00e4ssig geschlossen.<\/p>\n","protected":false},"author":1,"featured_media":0,"comment_status":"open","ping_status":"open","sticky":false,"template":"","format":"standard","meta":{"venue_id":0,"footnotes":""},"categories":[201,169,13],"tags":[354,170,204],"class_list":["post-1500","post","type-post","status-publish","format-standard","hentry","category-arlas","category-gleiswendel-1","category-val-bugliet","tag-arlas","tag-gleiswendel","tag-ubergang","item-wrap"],"_links":{"self":[{"href":"https:\/\/www.berninabahn.com\/index.php?rest_route=\/wp\/v2\/posts\/1500","targetHints":{"allow":["GET"]}}],"collection":[{"href":"https:\/\/www.berninabahn.com\/index.php?rest_route=\/wp\/v2\/posts"}],"about":[{"href":"https:\/\/www.berninabahn.com\/index.php?rest_route=\/wp\/v2\/types\/post"}],"author":[{"embeddable":true,"href":"https:\/\/www.berninabahn.com\/index.php?rest_route=\/wp\/v2\/users\/1"}],"replies":[{"embeddable":true,"href":"https:\/\/www.berninabahn.com\/index.php?rest_route=%2Fwp%2Fv2%2Fcomments&post=1500"}],"version-history":[{"count":3,"href":"https:\/\/www.berninabahn.com\/index.php?rest_route=\/wp\/v2\/posts\/1500\/revisions"}],"predecessor-version":[{"id":1507,"href":"https:\/\/www.berninabahn.com\/index.php?rest_route=\/wp\/v2\/posts\/1500\/revisions\/1507"}],"wp:attachment":[{"href":"https:\/\/www.berninabahn.com\/index.php?rest_route=%2Fwp%2Fv2%2Fmedia&parent=1500"}],"wp:term":[{"taxonomy":"category","embeddable":true,"href":"https:\/\/www.berninabahn.com\/index.php?rest_route=%2Fwp%2Fv2%2Fcategories&post=1500"},{"taxonomy":"post_tag","embeddable":true,"href":"https:\/\/www.berninabahn.com\/index.php?rest_route=%2Fwp%2Fv2%2Ftags&post=1500"}],"curies":[{"name":"wp","href":"https:\/\/api.w.org\/{rel}","templated":true}]}}