{"id":1493,"date":"2013-07-03T18:38:47+01:00","date_gmt":"2013-07-03T18:38:47+00:00","guid":{"rendered":"http:\/\/www.berninabahn.com\/?p=1493"},"modified":"2013-07-03T18:38:47+01:00","modified_gmt":"2013-07-03T18:38:47+00:00","slug":"segment-0-arlas","status":"publish","type":"post","link":"https:\/\/www.berninabahn.com\/?p=1493","title":{"rendered":"Segment 0: Arlas"},"content":{"rendered":"<p>Nachdem mich mein Ellbogen fast einen Monat von meinem Hobby fern gehalten hat, gehen nun die Arbeiten an der Verbindung vom Gleiswendel 1 nach Ospizio Berina voran.<\/p>\n<p>\u00dcber den Gleiswendel kommt das Segment &#8222;Arlas&#8220; mit der Gallerie zu stehen. Das urspr\u00fcnglich geplante Thema des Gel\u00e4ndeeinschnittes bei der Montebellokurve, wurde fallen gelassen. Dies, da der Einschnitt gut einsehbar und somit das Verschweinden lassen des Zuges schwierig zu gestalten gewesen w\u00e4re.<\/p>\n\n\t\t<style type=\"text\/css\">\n\t\t\t#gallery-1 {\n\t\t\t\tmargin: auto;\n\t\t\t}\n\t\t\t#gallery-1 .gallery-item {\n\t\t\t\tfloat: left;\n\t\t\t\tmargin-top: 10px;\n\t\t\t\ttext-align: center;\n\t\t\t\twidth: 33%;\n\t\t\t}\n\t\t\t#gallery-1 img {\n\t\t\t\tborder: 2px solid #cfcfcf;\n\t\t\t}\n\t\t\t#gallery-1 .gallery-caption {\n\t\t\t\tmargin-left: 0;\n\t\t\t}\n\t\t\t\/* see gallery_shortcode() in wp-includes\/media.php *\/\n\t\t<\/style>\n\t\t<div id='gallery-1' class='gallery galleryid-1493 gallery-columns-3 gallery-size-thumbnail'><dl class='gallery-item'>\n\t\t\t<dt class='gallery-icon landscape'>\n\t\t\t\t<a href='https:\/\/www.berninabahn.com\/?attachment_id=1494'><img loading=\"lazy\" decoding=\"async\" width=\"141\" height=\"141\" src=\"https:\/\/www.berninabahn.com\/wp-content\/uploads\/2013\/07\/20130703_173857-150x150.jpg\" class=\"attachment-thumbnail size-thumbnail\" alt=\"\" \/><\/a>\n\t\t\t<\/dt><\/dl><dl class='gallery-item'>\n\t\t\t<dt class='gallery-icon landscape'>\n\t\t\t\t<a href='https:\/\/www.berninabahn.com\/?attachment_id=1495'><img loading=\"lazy\" decoding=\"async\" width=\"141\" height=\"141\" src=\"https:\/\/www.berninabahn.com\/wp-content\/uploads\/2013\/07\/20130703_173912-150x150.jpg\" class=\"attachment-thumbnail size-thumbnail\" alt=\"\" \/><\/a>\n\t\t\t<\/dt><\/dl>\n\t\t\t<br style='clear: both' \/>\n\t\t<\/div>\n\n","protected":false},"excerpt":{"rendered":"<p>Nachdem mich mein Ellbogen fast einen Monat von meinem Hobby fern gehalten hat, gehen nun die Arbeiten an der Verbindung vom Gleiswendel 1 nach Ospizio Berina voran. \u00dcber den Gleiswendel kommt das Segment &#8222;Arlas&#8220; mit der Gallerie zu stehen. Das urspr\u00fcnglich geplante Thema des Gel\u00e4ndeeinschnittes bei der Montebellokurve, wurde fallen gelassen. Dies, da der Einschnitt &hellip; <\/p>\n<p><a class=\"more-link btn\" href=\"https:\/\/www.berninabahn.com\/?p=1493\">Weiterlesen<\/a><\/p>\n","protected":false},"author":1,"featured_media":0,"comment_status":"open","ping_status":"open","sticky":false,"template":"","format":"standard","meta":{"venue_id":0,"footnotes":""},"categories":[201,165],"tags":[354,202],"class_list":["post-1493","post","type-post","status-publish","format-standard","hentry","category-arlas","category-obere-ebene","tag-arlas","tag-arlas-gallerie","item-wrap"],"_links":{"self":[{"href":"https:\/\/www.berninabahn.com\/index.php?rest_route=\/wp\/v2\/posts\/1493","targetHints":{"allow":["GET"]}}],"collection":[{"href":"https:\/\/www.berninabahn.com\/index.php?rest_route=\/wp\/v2\/posts"}],"about":[{"href":"https:\/\/www.berninabahn.com\/index.php?rest_route=\/wp\/v2\/types\/post"}],"author":[{"embeddable":true,"href":"https:\/\/www.berninabahn.com\/index.php?rest_route=\/wp\/v2\/users\/1"}],"replies":[{"embeddable":true,"href":"https:\/\/www.berninabahn.com\/index.php?rest_route=%2Fwp%2Fv2%2Fcomments&post=1493"}],"version-history":[{"count":2,"href":"https:\/\/www.berninabahn.com\/index.php?rest_route=\/wp\/v2\/posts\/1493\/revisions"}],"predecessor-version":[{"id":1497,"href":"https:\/\/www.berninabahn.com\/index.php?rest_route=\/wp\/v2\/posts\/1493\/revisions\/1497"}],"wp:attachment":[{"href":"https:\/\/www.berninabahn.com\/index.php?rest_route=%2Fwp%2Fv2%2Fmedia&parent=1493"}],"wp:term":[{"taxonomy":"category","embeddable":true,"href":"https:\/\/www.berninabahn.com\/index.php?rest_route=%2Fwp%2Fv2%2Fcategories&post=1493"},{"taxonomy":"post_tag","embeddable":true,"href":"https:\/\/www.berninabahn.com\/index.php?rest_route=%2Fwp%2Fv2%2Ftags&post=1493"}],"curies":[{"name":"wp","href":"https:\/\/api.w.org\/{rel}","templated":true}]}}